{"id":186,"date":"2020-06-12T16:01:54","date_gmt":"2020-06-12T16:01:54","guid":{"rendered":"https:\/\/clientes.plataformaenterprise.com\/?p=186"},"modified":"2021-03-08T23:10:24","modified_gmt":"2021-03-08T23:10:24","slug":"calendario-facturacion-electronica-2020","status":"publish","type":"post","link":"https:\/\/clientes.plataformaenterprise.com\/index.php\/2020\/06\/12\/calendario-facturacion-electronica-2020\/","title":{"rendered":"Calendario Facturacion Electronica 2020"},"content":{"rendered":"\n<p>Con la <a rel=\"noreferrer noopener\" href=\"https:\/\/www.dian.gov.co\/normatividad\/Normatividad\/Resoluci%C3%B3n%20000042%20de%2005-05-2020.pdf\" target=\"_blank\">resoluci\u00f3n 42 de Mayo 5 de 2020<\/a>, la DIAN incluye, entre otros aspectos, el nuevo calendario para la de Facturaci\u00f3n electr\u00f3nica con validaci\u00f3n previa.  A continuaci\u00f3n se resume el art\u00edculo 20 de la Resoluci\u00f3n.<\/p>\n\n\n\n<h4 class=\"wp-block-heading\">1.&nbsp;&nbsp;&nbsp;Calendario de implementaci\u00f3n para sujetos obligados de acuerdo con la actividad econ\u00f3mica principal inscrita en el Registro \u00danico Tributario -RUT.<\/h4>\n\n\n\n<figure class=\"wp-block-table\"><table><tbody><tr><td><strong>&nbsp;<\/strong> <strong>&nbsp;<\/strong> <strong>&nbsp;<\/strong> <strong>&nbsp;<\/strong> <strong>Grupo<\/strong><\/td><td><strong>&nbsp;<\/strong> <strong>Fecha de inicio de registro y habilitaci\u00f3n en el servicio inform\u00e1tico electr\u00f3nico de validaci\u00f3n previa de factura electr\u00f3nica de venta (DD\/MM\/AAAA)<\/strong><\/td><td><strong>&nbsp;<\/strong> <strong>Fecha&nbsp;&nbsp; m\u00e1xima para iniciar a expedir factura electronica de venta (DD\/MM\/AAAA)<\/strong><\/td><td><strong>Resoluci\u00f3n 139 <\/strong><strong>Del 21 de noviembre de 2012, o la que modifique o adicione o adicione o sustituya<\/strong> <strong>C\u00f3digo CIIU Divisi\u00f3n a dos (2) primeros d\u00edgitos C\u00f3digo CIIU a tres (3) primeros d\u00edgitos (s\u00f3lo para divisiones 46 y 47)<\/strong><strong><\/strong><\/td><\/tr><tr><td>1<\/td><td>15\/05\/2020<\/td><td>15\/06\/2020<\/td><td>05, 06, 07, 08, 09, 58, 59, 60, 61, 62, 63, 94, 95, 96<\/td><\/tr><tr><td>2<\/td><td>15\/05\/2020<\/td><td><em>&nbsp;<\/em> 1\/07\/2020<\/td><td>10, 11, 12, 13, 14, 15, 464, 475, 476, 479, 477<\/td><\/tr><tr><td>3<\/td><td>15\/05\/2020<\/td><td><em>&nbsp;<\/em> 4\/08\/2020<\/td><td>71, 72, 73, 74, 75, 86, 87, 88<\/td><\/tr><tr><td>4<\/td><td>15\/05\/2020<\/td><td><em>&nbsp;<\/em> 1\/09\/2020<\/td><td>69, 70, 84, 463, 471, 472, 473, 478<\/td><\/tr><tr><td>5<\/td><td>15\/05\/2020<\/td><td><em>&nbsp;<\/em> 1\/10\/2020<\/td><td>16, 17, 18, 19, 20, 21, 22, 23, 24, 25, 26, 27, 28, 29, 30, 31, 32, 33, 35, 36, 37, 38, 39, 64, 65, 66, 68, 85<\/td><\/tr><tr><td>6<\/td><td>15\/05\/2020<\/td><td>1\/11\/2020<\/td><td>01, 02, 03, 45, 77, 78, 79, 80, 81, 82, 90, 91, 92, 93, 461, 462, 465, 466, 469, 474<\/td><\/tr><tr><td>7<\/td><td>15\/05\/2020<\/td><td>1\/11\/2020<\/td><td>41, 42, 43, 49, 50, 51, 52, 53, 55, 56<\/td><\/tr><tr><td>8<\/td><td>15\/05\/2020<\/td><td>1\/11\/2020<\/td><td>Otras Actividades no Clasificadas previamente<\/td><\/tr><\/tbody><\/table><\/figure>\n\n\n\n<h4 class=\"wp-block-heading\">2.&nbsp;&nbsp;&nbsp;Calendario de implementaci\u00f3n que no atiende a la actividad econ\u00f3mica CIIU, para otros sujetos obligados.<\/h4>\n\n\n\n<figure class=\"wp-block-table\"><table><tbody><tr><td><strong>Grupo<\/strong><\/td><td><strong>Fecha de inicio de registro&nbsp;&nbsp;&nbsp;&nbsp;&nbsp;&nbsp;&nbsp;&nbsp;&nbsp;&nbsp;&nbsp;&nbsp;&nbsp; y habilitaci\u00f3n en el servicio inform\u00e1tico electr\u00f3nico&nbsp;&nbsp;&nbsp;&nbsp;&nbsp;&nbsp;&nbsp; de validaci\u00f3n previa de factura electronica de venta (DD\/MM\/AAAA)<\/strong><\/td><td><em>&nbsp;<\/em> <em>&nbsp;<\/em> <strong>Fecha&nbsp; m\u00e1xima para iniciar&nbsp; a expedir factura electronica de venta (DD\/MM\/AAAA)<\/strong><\/td><td><em>&nbsp;<\/em> <em>&nbsp;<\/em> <em>&nbsp;<\/em> <em>&nbsp;<\/em> <strong>Otros sujetos<\/strong><\/td><\/tr><tr><td>1<\/td><td>15\/05\/2020<\/td><td>15\/06\/2020<\/td><td>Los sujetos indicados las resoluciones 00072 del 29\/12\/2017 y la 000010 del 6\/2\/2018 y los grandes contribuyentes de que trata la resoluci\u00f3n 012635 del 14\/12\/2018&#8230; y los dem\u00e1s sujetos que a la entrada en vigencia de esta resoluci\u00f3n se encuentren habilitados como facturadores electr\u00f3nicos. Sin incluir los sujetos que se&nbsp; describen&nbsp; el&nbsp; grupo&nbsp; 2 del presente calendario.<\/td><\/tr><tr><td>2<\/td><td>15\/05\/2020<\/td><td>1\/10\/2020<\/td><td>Las entidades del Estado del orden nacional, territorial y las entidades prestadoras de servicios p\u00fablicos domiciliarios&#8230;, las de telefon\u00eda fija p\u00fablica b\u00e1sica conmutada y la telefon\u00eda local m\u00f3vil en el sector rural&#8230;<\/td><\/tr><tr><td>2<\/td><td>15\/05\/2020<\/td><td>1\/10\/2020<\/td><td>Sujetos que correspondan a instituciones (personas naturales o jur\u00eddicas) educativas&#8230;<\/td><\/tr><tr><td>2<\/td><td>15\/05\/2020<\/td><td>1\/10\/2020<\/td><td>Personas jur\u00eddicas que desarrollen actividades de seguros y t\u00edtulos de capitalizaci\u00f3n&#8230;<\/td><\/tr><tr><td>2<\/td><td>15\/05\/2020<\/td><td>1\/10\/2020<\/td><td>Personas naturales que desarrollan la funci\u00f3n notarial&#8230;<\/td><\/tr><tr><td>3<\/td><td>15\/05\/2020<\/td><td>1\/11\/2020<\/td><td>Los sujetos obligados a expedir factura electr\u00f3nica de venta, que sean personas naturales cuyos ingresos brutos en el a\u00f1o anterior o en el a\u00f1o en curso sean iguales o superiores &nbsp;a &nbsp;(3.500) UVT e inferiores a (12.000) UVT.<\/td><\/tr><\/tbody><\/table><\/figure>\n\n\n\n<p><\/p>\n\n\n\n<h4 class=\"wp-block-heading\">3.&nbsp;&nbsp;Calendario de implementaci\u00f3n Permanente<\/h4>\n\n\n\n<figure class=\"wp-block-table\"><table><tbody><tr><td><strong>&nbsp;<\/strong> <strong>&nbsp;<\/strong> <strong>Grupo<\/strong><\/td><td><strong>Fecha de inicio de registro y habilitaci\u00f3n en el servicio inform\u00e1tico electr\u00f3nico de validaci\u00f3n previa de factura electr\u00f3nica de<\/strong> <strong>venta (DD\/MM\/AAAA)<\/strong> y<br><strong>Fecha m\u00e1xima para iniciar a expedir factura electr\u00f3nica de venta (DD\/MM\/AAAA)<\/strong><\/td><td><strong>Otros sujetos<\/strong><\/td><\/tr><tr><td><strong>1<\/strong><\/td><td>Para el inicio de registro y el procedimiento de habilitaci\u00f3n en el servicio inform\u00e1tico de factura electr\u00f3nica de venta y la fecha m\u00e1xima para iniciar a expedir factura electr\u00f3nica de venta, cuentan con un plazo de dos (2) meses, a partir de la fecha en que se adquiera la obligaci\u00f3n como sujetos obligados a expedir factura de venta y\/o documento equivalente.<\/td><td>Los nuevos sujetos que adquieran la obligaci\u00f3n de expedir factura electr\u00f3nica de venta, con posterioridad a la entrada en vigencia de esta resoluci\u00f3n.<\/td><\/tr><\/tbody><\/table><\/figure>\n","protected":false},"excerpt":{"rendered":"<p>Con la resoluci\u00f3n de la DIAN se establece el calendario definitivo de implementaci\u00f3n de Factura Electr\u00f3nica en el 2020<\/p>\n","protected":false},"author":1,"featured_media":188,"comment_status":"open","ping_status":"closed","sticky":false,"template":"","format":"standard","meta":{"content-type":"","footnotes":""},"categories":[12],"tags":[16,15,8],"class_list":["post-186","post","type-post","status-publish","format-standard","has-post-thumbnail","hentry","category-facturacion-electronica","tag-calendario","tag-factura-electronica","tag-facturacion"],"yoast_head":"<!-- This site is optimized with the Yoast SEO plugin v27.5 - https:\/\/yoast.com\/product\/yoast-seo-wordpress\/ -->\n<title>Calendario Facturacion Electronica 2020 - Cliente Plataforma Enterprise<\/title>\n<meta name=\"robots\" content=\"index, follow, max-snippet:-1, max-image-preview:large, max-video-preview:-1\" \/>\n<link rel=\"canonical\" href=\"https:\/\/clientes.plataformaenterprise.com\/index.php\/2020\/06\/12\/calendario-facturacion-electronica-2020\/\" \/>\n<meta property=\"og:locale\" content=\"es_ES\" \/>\n<meta property=\"og:type\" content=\"article\" \/>\n<meta property=\"og:title\" content=\"Calendario Facturacion Electronica 2020 - Cliente Plataforma Enterprise\" \/>\n<meta property=\"og:description\" content=\"Con la resoluci\u00f3n de la DIAN se establece el calendario definitivo de implementaci\u00f3n de Factura Electr\u00f3nica en el 2020\" \/>\n<meta property=\"og:url\" content=\"https:\/\/clientes.plataformaenterprise.com\/index.php\/2020\/06\/12\/calendario-facturacion-electronica-2020\/\" \/>\n<meta property=\"og:site_name\" content=\"Cliente Plataforma Enterprise\" \/>\n<meta property=\"article:publisher\" content=\"https:\/\/www.facebook.com\/plataformaenterprise\/\" \/>\n<meta property=\"article:published_time\" content=\"2020-06-12T16:01:54+00:00\" \/>\n<meta property=\"article:modified_time\" content=\"2021-03-08T23:10:24+00:00\" \/>\n<meta property=\"og:image\" content=\"https:\/\/clientes.plataformaenterprise.com\/wp-content\/uploads\/2020\/06\/calendario.png\" \/>\n\t<meta property=\"og:image:width\" content=\"300\" \/>\n\t<meta property=\"og:image:height\" content=\"151\" \/>\n\t<meta property=\"og:image:type\" content=\"image\/png\" \/>\n<meta name=\"author\" content=\"admin\" \/>\n<meta name=\"twitter:card\" content=\"summary_large_image\" \/>\n<meta name=\"twitter:creator\" content=\"@EnterpriseISL\" \/>\n<meta name=\"twitter:site\" content=\"@EnterpriseISL\" \/>\n<meta name=\"twitter:label1\" content=\"Escrito por\" \/>\n\t<meta name=\"twitter:data1\" content=\"admin\" \/>\n\t<meta name=\"twitter:label2\" content=\"Tiempo de lectura\" \/>\n\t<meta name=\"twitter:data2\" content=\"3 minutos\" \/>\n<script type=\"application\/ld+json\" class=\"yoast-schema-graph\">{\"@context\":\"https:\\\/\\\/schema.org\",\"@graph\":[{\"@type\":\"Article\",\"@id\":\"https:\\\/\\\/clientes.plataformaenterprise.com\\\/index.php\\\/2020\\\/06\\\/12\\\/calendario-facturacion-electronica-2020\\\/#article\",\"isPartOf\":{\"@id\":\"https:\\\/\\\/clientes.plataformaenterprise.com\\\/index.php\\\/2020\\\/06\\\/12\\\/calendario-facturacion-electronica-2020\\\/\"},\"author\":{\"name\":\"admin\",\"@id\":\"https:\\\/\\\/clientes.plataformaenterprise.com\\\/#\\\/schema\\\/person\\\/ecb17523e7f0fa1088c9e3b51b09966f\"},\"headline\":\"Calendario Facturacion Electronica 2020\",\"datePublished\":\"2020-06-12T16:01:54+00:00\",\"dateModified\":\"2021-03-08T23:10:24+00:00\",\"mainEntityOfPage\":{\"@id\":\"https:\\\/\\\/clientes.plataformaenterprise.com\\\/index.php\\\/2020\\\/06\\\/12\\\/calendario-facturacion-electronica-2020\\\/\"},\"wordCount\":577,\"commentCount\":0,\"publisher\":{\"@id\":\"https:\\\/\\\/clientes.plataformaenterprise.com\\\/#organization\"},\"image\":{\"@id\":\"https:\\\/\\\/clientes.plataformaenterprise.com\\\/index.php\\\/2020\\\/06\\\/12\\\/calendario-facturacion-electronica-2020\\\/#primaryimage\"},\"thumbnailUrl\":\"https:\\\/\\\/clientes.plataformaenterprise.com\\\/wp-content\\\/uploads\\\/2020\\\/06\\\/calendario.png\",\"keywords\":[\"calendario\",\"Factura electronica\",\"facturacion\"],\"articleSection\":[\"Facturaci\u00f3n Electr\u00f3nica\"],\"inLanguage\":\"es-CO\",\"potentialAction\":[{\"@type\":\"CommentAction\",\"name\":\"Comment\",\"target\":[\"https:\\\/\\\/clientes.plataformaenterprise.com\\\/index.php\\\/2020\\\/06\\\/12\\\/calendario-facturacion-electronica-2020\\\/#respond\"]}]},{\"@type\":\"WebPage\",\"@id\":\"https:\\\/\\\/clientes.plataformaenterprise.com\\\/index.php\\\/2020\\\/06\\\/12\\\/calendario-facturacion-electronica-2020\\\/\",\"url\":\"https:\\\/\\\/clientes.plataformaenterprise.com\\\/index.php\\\/2020\\\/06\\\/12\\\/calendario-facturacion-electronica-2020\\\/\",\"name\":\"Calendario Facturacion Electronica 2020 - Cliente Plataforma Enterprise\",\"isPartOf\":{\"@id\":\"https:\\\/\\\/clientes.plataformaenterprise.com\\\/#website\"},\"primaryImageOfPage\":{\"@id\":\"https:\\\/\\\/clientes.plataformaenterprise.com\\\/index.php\\\/2020\\\/06\\\/12\\\/calendario-facturacion-electronica-2020\\\/#primaryimage\"},\"image\":{\"@id\":\"https:\\\/\\\/clientes.plataformaenterprise.com\\\/index.php\\\/2020\\\/06\\\/12\\\/calendario-facturacion-electronica-2020\\\/#primaryimage\"},\"thumbnailUrl\":\"https:\\\/\\\/clientes.plataformaenterprise.com\\\/wp-content\\\/uploads\\\/2020\\\/06\\\/calendario.png\",\"datePublished\":\"2020-06-12T16:01:54+00:00\",\"dateModified\":\"2021-03-08T23:10:24+00:00\",\"breadcrumb\":{\"@id\":\"https:\\\/\\\/clientes.plataformaenterprise.com\\\/index.php\\\/2020\\\/06\\\/12\\\/calendario-facturacion-electronica-2020\\\/#breadcrumb\"},\"inLanguage\":\"es-CO\",\"potentialAction\":[{\"@type\":\"ReadAction\",\"target\":[\"https:\\\/\\\/clientes.plataformaenterprise.com\\\/index.php\\\/2020\\\/06\\\/12\\\/calendario-facturacion-electronica-2020\\\/\"]}]},{\"@type\":\"ImageObject\",\"inLanguage\":\"es-CO\",\"@id\":\"https:\\\/\\\/clientes.plataformaenterprise.com\\\/index.php\\\/2020\\\/06\\\/12\\\/calendario-facturacion-electronica-2020\\\/#primaryimage\",\"url\":\"https:\\\/\\\/clientes.plataformaenterprise.com\\\/wp-content\\\/uploads\\\/2020\\\/06\\\/calendario.png\",\"contentUrl\":\"https:\\\/\\\/clientes.plataformaenterprise.com\\\/wp-content\\\/uploads\\\/2020\\\/06\\\/calendario.png\",\"width\":300,\"height\":151},{\"@type\":\"BreadcrumbList\",\"@id\":\"https:\\\/\\\/clientes.plataformaenterprise.com\\\/index.php\\\/2020\\\/06\\\/12\\\/calendario-facturacion-electronica-2020\\\/#breadcrumb\",\"itemListElement\":[{\"@type\":\"ListItem\",\"position\":1,\"name\":\"Home\",\"item\":\"https:\\\/\\\/clientes.plataformaenterprise.com\\\/\"},{\"@type\":\"ListItem\",\"position\":2,\"name\":\"Calendario Facturacion Electronica 2020\"}]},{\"@type\":\"WebSite\",\"@id\":\"https:\\\/\\\/clientes.plataformaenterprise.com\\\/#website\",\"url\":\"https:\\\/\\\/clientes.plataformaenterprise.com\\\/\",\"name\":\"Cliente Plataforma Enterprise\",\"description\":\"Un servicio de ISL S.A.\",\"publisher\":{\"@id\":\"https:\\\/\\\/clientes.plataformaenterprise.com\\\/#organization\"},\"potentialAction\":[{\"@type\":\"SearchAction\",\"target\":{\"@type\":\"EntryPoint\",\"urlTemplate\":\"https:\\\/\\\/clientes.plataformaenterprise.com\\\/?s={search_term_string}\"},\"query-input\":{\"@type\":\"PropertyValueSpecification\",\"valueRequired\":true,\"valueName\":\"search_term_string\"}}],\"inLanguage\":\"es-CO\"},{\"@type\":\"Organization\",\"@id\":\"https:\\\/\\\/clientes.plataformaenterprise.com\\\/#organization\",\"name\":\"Plataforma Enterprise\",\"url\":\"https:\\\/\\\/clientes.plataformaenterprise.com\\\/\",\"logo\":{\"@type\":\"ImageObject\",\"inLanguage\":\"es-CO\",\"@id\":\"https:\\\/\\\/clientes.plataformaenterprise.com\\\/#\\\/schema\\\/logo\\\/image\\\/\",\"url\":\"https:\\\/\\\/clientes.plataformaenterprise.com\\\/wp-content\\\/uploads\\\/2020\\\/04\\\/logo.png\",\"contentUrl\":\"https:\\\/\\\/clientes.plataformaenterprise.com\\\/wp-content\\\/uploads\\\/2020\\\/04\\\/logo.png\",\"width\":888,\"height\":310,\"caption\":\"Plataforma Enterprise\"},\"image\":{\"@id\":\"https:\\\/\\\/clientes.plataformaenterprise.com\\\/#\\\/schema\\\/logo\\\/image\\\/\"},\"sameAs\":[\"https:\\\/\\\/www.facebook.com\\\/plataformaenterprise\\\/\",\"https:\\\/\\\/x.com\\\/EnterpriseISL\"]},{\"@type\":\"Person\",\"@id\":\"https:\\\/\\\/clientes.plataformaenterprise.com\\\/#\\\/schema\\\/person\\\/ecb17523e7f0fa1088c9e3b51b09966f\",\"name\":\"admin\",\"image\":{\"@type\":\"ImageObject\",\"inLanguage\":\"es-CO\",\"@id\":\"https:\\\/\\\/secure.gravatar.com\\\/avatar\\\/fb32ea1179e0c9584893bf5c67a3736d38937803121777f9e8541f6a4d78d11e?s=96&d=mm&r=g\",\"url\":\"https:\\\/\\\/secure.gravatar.com\\\/avatar\\\/fb32ea1179e0c9584893bf5c67a3736d38937803121777f9e8541f6a4d78d11e?s=96&d=mm&r=g\",\"contentUrl\":\"https:\\\/\\\/secure.gravatar.com\\\/avatar\\\/fb32ea1179e0c9584893bf5c67a3736d38937803121777f9e8541f6a4d78d11e?s=96&d=mm&r=g\",\"caption\":\"admin\"}}]}<\/script>\n<!-- \/ Yoast SEO plugin. -->","yoast_head_json":{"title":"Calendario Facturacion Electronica 2020 - Cliente Plataforma Enterprise","robots":{"index":"index","follow":"follow","max-snippet":"max-snippet:-1","max-image-preview":"max-image-preview:large","max-video-preview":"max-video-preview:-1"},"canonical":"https:\/\/clientes.plataformaenterprise.com\/index.php\/2020\/06\/12\/calendario-facturacion-electronica-2020\/","og_locale":"es_ES","og_type":"article","og_title":"Calendario Facturacion Electronica 2020 - Cliente Plataforma Enterprise","og_description":"Con la resoluci\u00f3n de la DIAN se establece el calendario definitivo de implementaci\u00f3n de Factura Electr\u00f3nica en el 2020","og_url":"https:\/\/clientes.plataformaenterprise.com\/index.php\/2020\/06\/12\/calendario-facturacion-electronica-2020\/","og_site_name":"Cliente Plataforma Enterprise","article_publisher":"https:\/\/www.facebook.com\/plataformaenterprise\/","article_published_time":"2020-06-12T16:01:54+00:00","article_modified_time":"2021-03-08T23:10:24+00:00","og_image":[{"width":300,"height":151,"url":"https:\/\/clientes.plataformaenterprise.com\/wp-content\/uploads\/2020\/06\/calendario.png","type":"image\/png"}],"author":"admin","twitter_card":"summary_large_image","twitter_creator":"@EnterpriseISL","twitter_site":"@EnterpriseISL","twitter_misc":{"Escrito por":"admin","Tiempo de lectura":"3 minutos"},"schema":{"@context":"https:\/\/schema.org","@graph":[{"@type":"Article","@id":"https:\/\/clientes.plataformaenterprise.com\/index.php\/2020\/06\/12\/calendario-facturacion-electronica-2020\/#article","isPartOf":{"@id":"https:\/\/clientes.plataformaenterprise.com\/index.php\/2020\/06\/12\/calendario-facturacion-electronica-2020\/"},"author":{"name":"admin","@id":"https:\/\/clientes.plataformaenterprise.com\/#\/schema\/person\/ecb17523e7f0fa1088c9e3b51b09966f"},"headline":"Calendario Facturacion Electronica 2020","datePublished":"2020-06-12T16:01:54+00:00","dateModified":"2021-03-08T23:10:24+00:00","mainEntityOfPage":{"@id":"https:\/\/clientes.plataformaenterprise.com\/index.php\/2020\/06\/12\/calendario-facturacion-electronica-2020\/"},"wordCount":577,"commentCount":0,"publisher":{"@id":"https:\/\/clientes.plataformaenterprise.com\/#organization"},"image":{"@id":"https:\/\/clientes.plataformaenterprise.com\/index.php\/2020\/06\/12\/calendario-facturacion-electronica-2020\/#primaryimage"},"thumbnailUrl":"https:\/\/clientes.plataformaenterprise.com\/wp-content\/uploads\/2020\/06\/calendario.png","keywords":["calendario","Factura electronica","facturacion"],"articleSection":["Facturaci\u00f3n Electr\u00f3nica"],"inLanguage":"es-CO","potentialAction":[{"@type":"CommentAction","name":"Comment","target":["https:\/\/clientes.plataformaenterprise.com\/index.php\/2020\/06\/12\/calendario-facturacion-electronica-2020\/#respond"]}]},{"@type":"WebPage","@id":"https:\/\/clientes.plataformaenterprise.com\/index.php\/2020\/06\/12\/calendario-facturacion-electronica-2020\/","url":"https:\/\/clientes.plataformaenterprise.com\/index.php\/2020\/06\/12\/calendario-facturacion-electronica-2020\/","name":"Calendario Facturacion Electronica 2020 - Cliente Plataforma Enterprise","isPartOf":{"@id":"https:\/\/clientes.plataformaenterprise.com\/#website"},"primaryImageOfPage":{"@id":"https:\/\/clientes.plataformaenterprise.com\/index.php\/2020\/06\/12\/calendario-facturacion-electronica-2020\/#primaryimage"},"image":{"@id":"https:\/\/clientes.plataformaenterprise.com\/index.php\/2020\/06\/12\/calendario-facturacion-electronica-2020\/#primaryimage"},"thumbnailUrl":"https:\/\/clientes.plataformaenterprise.com\/wp-content\/uploads\/2020\/06\/calendario.png","datePublished":"2020-06-12T16:01:54+00:00","dateModified":"2021-03-08T23:10:24+00:00","breadcrumb":{"@id":"https:\/\/clientes.plataformaenterprise.com\/index.php\/2020\/06\/12\/calendario-facturacion-electronica-2020\/#breadcrumb"},"inLanguage":"es-CO","potentialAction":[{"@type":"ReadAction","target":["https:\/\/clientes.plataformaenterprise.com\/index.php\/2020\/06\/12\/calendario-facturacion-electronica-2020\/"]}]},{"@type":"ImageObject","inLanguage":"es-CO","@id":"https:\/\/clientes.plataformaenterprise.com\/index.php\/2020\/06\/12\/calendario-facturacion-electronica-2020\/#primaryimage","url":"https:\/\/clientes.plataformaenterprise.com\/wp-content\/uploads\/2020\/06\/calendario.png","contentUrl":"https:\/\/clientes.plataformaenterprise.com\/wp-content\/uploads\/2020\/06\/calendario.png","width":300,"height":151},{"@type":"BreadcrumbList","@id":"https:\/\/clientes.plataformaenterprise.com\/index.php\/2020\/06\/12\/calendario-facturacion-electronica-2020\/#breadcrumb","itemListElement":[{"@type":"ListItem","position":1,"name":"Home","item":"https:\/\/clientes.plataformaenterprise.com\/"},{"@type":"ListItem","position":2,"name":"Calendario Facturacion Electronica 2020"}]},{"@type":"WebSite","@id":"https:\/\/clientes.plataformaenterprise.com\/#website","url":"https:\/\/clientes.plataformaenterprise.com\/","name":"Cliente Plataforma Enterprise","description":"Un servicio de ISL S.A.","publisher":{"@id":"https:\/\/clientes.plataformaenterprise.com\/#organization"},"potentialAction":[{"@type":"SearchAction","target":{"@type":"EntryPoint","urlTemplate":"https:\/\/clientes.plataformaenterprise.com\/?s={search_term_string}"},"query-input":{"@type":"PropertyValueSpecification","valueRequired":true,"valueName":"search_term_string"}}],"inLanguage":"es-CO"},{"@type":"Organization","@id":"https:\/\/clientes.plataformaenterprise.com\/#organization","name":"Plataforma Enterprise","url":"https:\/\/clientes.plataformaenterprise.com\/","logo":{"@type":"ImageObject","inLanguage":"es-CO","@id":"https:\/\/clientes.plataformaenterprise.com\/#\/schema\/logo\/image\/","url":"https:\/\/clientes.plataformaenterprise.com\/wp-content\/uploads\/2020\/04\/logo.png","contentUrl":"https:\/\/clientes.plataformaenterprise.com\/wp-content\/uploads\/2020\/04\/logo.png","width":888,"height":310,"caption":"Plataforma Enterprise"},"image":{"@id":"https:\/\/clientes.plataformaenterprise.com\/#\/schema\/logo\/image\/"},"sameAs":["https:\/\/www.facebook.com\/plataformaenterprise\/","https:\/\/x.com\/EnterpriseISL"]},{"@type":"Person","@id":"https:\/\/clientes.plataformaenterprise.com\/#\/schema\/person\/ecb17523e7f0fa1088c9e3b51b09966f","name":"admin","image":{"@type":"ImageObject","inLanguage":"es-CO","@id":"https:\/\/secure.gravatar.com\/avatar\/fb32ea1179e0c9584893bf5c67a3736d38937803121777f9e8541f6a4d78d11e?s=96&d=mm&r=g","url":"https:\/\/secure.gravatar.com\/avatar\/fb32ea1179e0c9584893bf5c67a3736d38937803121777f9e8541f6a4d78d11e?s=96&d=mm&r=g","contentUrl":"https:\/\/secure.gravatar.com\/avatar\/fb32ea1179e0c9584893bf5c67a3736d38937803121777f9e8541f6a4d78d11e?s=96&d=mm&r=g","caption":"admin"}}]}},"_links":{"self":[{"href":"https:\/\/clientes.plataformaenterprise.com\/index.php\/wp-json\/wp\/v2\/posts\/186","targetHints":{"allow":["GET"]}}],"collection":[{"href":"https:\/\/clientes.plataformaenterprise.com\/index.php\/wp-json\/wp\/v2\/posts"}],"about":[{"href":"https:\/\/clientes.plataformaenterprise.com\/index.php\/wp-json\/wp\/v2\/types\/post"}],"author":[{"embeddable":true,"href":"https:\/\/clientes.plataformaenterprise.com\/index.php\/wp-json\/wp\/v2\/users\/1"}],"replies":[{"embeddable":true,"href":"https:\/\/clientes.plataformaenterprise.com\/index.php\/wp-json\/wp\/v2\/comments?post=186"}],"version-history":[{"count":19,"href":"https:\/\/clientes.plataformaenterprise.com\/index.php\/wp-json\/wp\/v2\/posts\/186\/revisions"}],"predecessor-version":[{"id":253,"href":"https:\/\/clientes.plataformaenterprise.com\/index.php\/wp-json\/wp\/v2\/posts\/186\/revisions\/253"}],"wp:featuredmedia":[{"embeddable":true,"href":"https:\/\/clientes.plataformaenterprise.com\/index.php\/wp-json\/wp\/v2\/media\/188"}],"wp:attachment":[{"href":"https:\/\/clientes.plataformaenterprise.com\/index.php\/wp-json\/wp\/v2\/media?parent=186"}],"wp:term":[{"taxonomy":"category","embeddable":true,"href":"https:\/\/clientes.plataformaenterprise.com\/index.php\/wp-json\/wp\/v2\/categories?post=186"},{"taxonomy":"post_tag","embeddable":true,"href":"https:\/\/clientes.plataformaenterprise.com\/index.php\/wp-json\/wp\/v2\/tags?post=186"}],"curies":[{"name":"wp","href":"https:\/\/api.w.org\/{rel}","templated":true}]}}